{"id":746,"date":"2020-08-22T09:16:24","date_gmt":"2020-08-22T09:16:24","guid":{"rendered":"https:\/\/nayttelyt.arshame.com\/kohtuus2020\/?p=746"},"modified":"2020-09-17T11:30:38","modified_gmt":"2020-09-17T11:30:38","slug":"kohtuus-yhteys-tasa-arvo-nayttelyn-viimeisena-paivana","status":"publish","type":"post","link":"https:\/\/nayttelyt.arshame.com\/kohtuus2020\/en\/2020\/08\/22\/kohtuus-yhteys-tasa-arvo-nayttelyn-viimeisena-paivana\/","title":{"rendered":"Kohtuus, Yhteys, Tasa-arvo -n\u00e4yttelyn viimeisen\u00e4 p\u00e4iv\u00e4n\u00e4"},"content":{"rendered":"<p>Kohtuus, Yhteys, Tasa-arvo -n\u00e4yttelyn viimeisen\u00e4 p\u00e4iv\u00e4n\u00e4<\/p>\n<h3>la 29.8. klo 14-17<br \/>\nSeminaari kaupunkimuutoksesta<\/h3>\n<ul>\n<li><strong>Miten kulttuuri ja taiteet el\u00e4v\u00f6itt\u00e4v\u00e4t tyhjentyvi\u00e4 kaupunkikeskuksia?<\/strong><\/li>\n<\/ul>\n<p>entinen kauppakeskus Linna, 2. krs<br \/>\nRaatihuoneenkatu 14, H\u00e4meenlinna<\/p>\n<p>Keskustelua vet\u00e4v\u00e4t filosofi, kirjailija <strong>Johannes Ojansuu<\/strong> ja taiteen tohtori, kuvataiteilija <strong>Mika Karhu<\/strong>. Keskustelukumppaneina heill\u00e4 on H\u00e4meenlinnan taidemuseon johtaja <strong>Jenny Valli<\/strong>, H\u00e4meenlinnan kaupunginhallituksen puheenjohtaja <strong>Sari Rautio<\/strong>, H\u00e4meenlinnan kulttuurip\u00e4\u00e4llikk\u00f6 <strong>Janne Nieminen<\/strong> sek\u00e4 muusikko-s\u00e4velt\u00e4j\u00e4 <strong>Antti Paranko<\/strong>.<\/p>\n<p>Seminaariin on vapaa p\u00e4\u00e4sy, mutta yleis\u00f6m\u00e4\u00e4r\u00e4 rajoitetaan tilassa 60 henkil\u00f6\u00f6n.<\/p>\n<p><strong>Seminaari l\u00f6ytyy kokonaisuudessaan tallenteena t\u00e4\u00e4lt\u00e4:<\/strong><br \/>\n<a href=\"https:\/\/youtu.be\/6YpDLT-hr-o\" target=\"_blank\" rel=\"noopener noreferrer\"><strong>https:\/\/youtu.be\/6YpDLT-hr-o<\/strong><\/a><\/p>\n<p><strong>Ohjelma:<\/strong><\/p>\n<p><strong>Klo 14.00<\/strong> Alkusanat<\/p>\n<p><strong>Klo 14.15<\/strong> Kest\u00e4v\u00e4 kehitys ja kulttuurin merkitys<br \/>\nH\u00e4meenlinnan kaupunginhallituksen puheenjohtaja Sari Rautio, Johannes Ojansuu, Mika Karhu ja Antti Paranko<\/p>\n<p><strong>Klo 14.45<\/strong> Taide kaupunkitilassa<br \/>\nH\u00e4meenlinnan taidemuseon johtaja Jenny Valli, Johannes Ojansuu, Mika Karhu ja Antti Paranko<\/p>\n<p><strong>Klo 15.15<\/strong> Yhteiskeskustelu Sari Rautio, Jenny Valli, Johannes Ojansuu, Mika Karhu ja Antti Paranko<\/p>\n<p><strong>Klo 15.45-16.15<\/strong> tauko, seminaaritilassa tarjolla kasviskeittoa, leip\u00e4\u00e4 ja virvokkeita<\/p>\n<p><strong>Klo 16.15<\/strong> Loppukeskustelu: Mika Karhu, Johannes Ojansuu, Jenny Valli, Antti Paranko ja H\u00e4meenlinnan kulttuurip\u00e4\u00e4llikk\u00f6 Janne Nieminen.<\/p>\n<p>J\u00e4rj. Ars-H\u00e4me ry ja H\u00e4meenlinnan kaupunki<\/p>\n<p><a href=\"https:\/\/nayttelyt.arshame.com\/kohtuus2020\/wp-content\/uploads\/2020\/08\/Seminaari_kaupunkimuutoksesta_29082020_ohjelma.pdf\" target=\"_blank\" rel=\"noopener noreferrer\"><strong>Seminaariohjelma, joka sis\u00e4lt\u00e4\u00e4 keskustelijoiden esittelyt.<\/strong><\/a><\/p>\n","protected":false},"excerpt":{"rendered":"<p>Kohtuus, Yhteys, Tasa-arvo -n\u00e4yttelyn viimeisen\u00e4 p\u00e4iv\u00e4n\u00e4 la 29.8. klo 14-17 Seminaari kaupunkimuutoksesta Miten kulttuuri ja taiteet el\u00e4v\u00f6itt\u00e4v\u00e4t tyhjentyvi\u00e4 kaupunkikeskuksia? entinen kauppakeskus Linna, 2. krs Raatihuoneenkatu 14, H\u00e4meenlinna Keskustelua vet\u00e4v\u00e4t filosofi, kirjailija Johannes Ojansuu ja taiteen tohtori, kuvataiteilija Mika Karhu. Keskustelukumppaneina heill\u00e4 on H\u00e4meenlinnan taidemuseon johtaja Jenny Valli, H\u00e4meenlinnan kaupunginhallituksen puheenjohtaja Sari Rautio, H\u00e4meenlinnan kulttuurip\u00e4\u00e4llikk\u00f6 Janne [&hellip;]<\/p>\n","protected":false},"author":1,"featured_media":747,"comment_status":"closed","ping_status":"closed","sticky":false,"template":"","format":"standard","meta":{"footnotes":""},"categories":[8],"tags":[],"class_list":["post-746","post","type-post","status-publish","format-standard","has-post-thumbnail","hentry","category-ajankohtaista"],"translation":{"provider":"WPGlobus","version":"3.0.2","language":"en","enabled_languages":["fi","en"],"languages":{"fi":{"title":true,"content":true,"excerpt":false},"en":{"title":false,"content":false,"excerpt":false}}},"_links":{"self":[{"href":"https:\/\/nayttelyt.arshame.com\/kohtuus2020\/en\/wp-json\/wp\/v2\/posts\/746","targetHints":{"allow":["GET"]}}],"collection":[{"href":"https:\/\/nayttelyt.arshame.com\/kohtuus2020\/en\/wp-json\/wp\/v2\/posts"}],"about":[{"href":"https:\/\/nayttelyt.arshame.com\/kohtuus2020\/en\/wp-json\/wp\/v2\/types\/post"}],"author":[{"embeddable":true,"href":"https:\/\/nayttelyt.arshame.com\/kohtuus2020\/en\/wp-json\/wp\/v2\/users\/1"}],"replies":[{"embeddable":true,"href":"https:\/\/nayttelyt.arshame.com\/kohtuus2020\/en\/wp-json\/wp\/v2\/comments?post=746"}],"version-history":[{"count":13,"href":"https:\/\/nayttelyt.arshame.com\/kohtuus2020\/en\/wp-json\/wp\/v2\/posts\/746\/revisions"}],"predecessor-version":[{"id":763,"href":"https:\/\/nayttelyt.arshame.com\/kohtuus2020\/en\/wp-json\/wp\/v2\/posts\/746\/revisions\/763"}],"wp:featuredmedia":[{"embeddable":true,"href":"https:\/\/nayttelyt.arshame.com\/kohtuus2020\/en\/wp-json\/wp\/v2\/media\/747"}],"wp:attachment":[{"href":"https:\/\/nayttelyt.arshame.com\/kohtuus2020\/en\/wp-json\/wp\/v2\/media?parent=746"}],"wp:term":[{"taxonomy":"category","embeddable":true,"href":"https:\/\/nayttelyt.arshame.com\/kohtuus2020\/en\/wp-json\/wp\/v2\/categories?post=746"},{"taxonomy":"post_tag","embeddable":true,"href":"https:\/\/nayttelyt.arshame.com\/kohtuus2020\/en\/wp-json\/wp\/v2\/tags?post=746"}],"curies":[{"name":"wp","href":"https:\/\/api.w.org\/{rel}","templated":true}]}}