{"id":166,"date":"2022-06-02T14:03:14","date_gmt":"2022-06-02T12:03:14","guid":{"rendered":"https:\/\/nayttelyt.arshame.com\/nayttamo2022\/?p=166"},"modified":"2022-07-16T10:32:29","modified_gmt":"2022-07-16T08:32:29","slug":"kuraattorin-kierros-suomen-kuvataiteen-paivana","status":"publish","type":"post","link":"https:\/\/nayttelyt.arshame.com\/nayttamo2022\/2022\/06\/02\/kuraattorin-kierros-suomen-kuvataiteen-paivana\/","title":{"rendered":"10.7.2022 \u2014 Kuraattorin kierros \u2014 PERUTTU"},"content":{"rendered":"<p>Peruttu sairastumisen vuoksi.<\/p>\n<p>Kuraattori Salla Laurinolli pit\u00e4\u00e4 opastuksen kes\u00e4n\u00e4yttelyss\u00e4 Suomen kuvataiteen p\u00e4iv\u00e4n\u00e4 klo 13.00 alkaen.<\/p>\n","protected":false},"excerpt":{"rendered":"<p>Peruttu sairastumisen vuoksi. Kuraattori Salla Laurinolli pit\u00e4\u00e4 opastuksen kes\u00e4n\u00e4yttelyss\u00e4 Suomen kuvataiteen p\u00e4iv\u00e4n\u00e4 klo 13.00 alkaen.<\/p>\n","protected":false},"author":1,"featured_media":167,"comment_status":"closed","ping_status":"closed","sticky":false,"template":"","format":"standard","meta":{"pagelayer_contact_templates":[],"_pagelayer_content":"","footnotes":""},"categories":[3],"tags":[],"class_list":["post-166","post","type-post","status-publish","format-standard","has-post-thumbnail","hentry","category-tapahtumat"],"_links":{"self":[{"href":"https:\/\/nayttelyt.arshame.com\/nayttamo2022\/wp-json\/wp\/v2\/posts\/166","targetHints":{"allow":["GET"]}}],"collection":[{"href":"https:\/\/nayttelyt.arshame.com\/nayttamo2022\/wp-json\/wp\/v2\/posts"}],"about":[{"href":"https:\/\/nayttelyt.arshame.com\/nayttamo2022\/wp-json\/wp\/v2\/types\/post"}],"author":[{"embeddable":true,"href":"https:\/\/nayttelyt.arshame.com\/nayttamo2022\/wp-json\/wp\/v2\/users\/1"}],"replies":[{"embeddable":true,"href":"https:\/\/nayttelyt.arshame.com\/nayttamo2022\/wp-json\/wp\/v2\/comments?post=166"}],"version-history":[{"count":8,"href":"https:\/\/nayttelyt.arshame.com\/nayttamo2022\/wp-json\/wp\/v2\/posts\/166\/revisions"}],"predecessor-version":[{"id":506,"href":"https:\/\/nayttelyt.arshame.com\/nayttamo2022\/wp-json\/wp\/v2\/posts\/166\/revisions\/506"}],"wp:featuredmedia":[{"embeddable":true,"href":"https:\/\/nayttelyt.arshame.com\/nayttamo2022\/wp-json\/wp\/v2\/media\/167"}],"wp:attachment":[{"href":"https:\/\/nayttelyt.arshame.com\/nayttamo2022\/wp-json\/wp\/v2\/media?parent=166"}],"wp:term":[{"taxonomy":"category","embeddable":true,"href":"https:\/\/nayttelyt.arshame.com\/nayttamo2022\/wp-json\/wp\/v2\/categories?post=166"},{"taxonomy":"post_tag","embeddable":true,"href":"https:\/\/nayttelyt.arshame.com\/nayttamo2022\/wp-json\/wp\/v2\/tags?post=166"}],"curies":[{"name":"wp","href":"https:\/\/api.w.org\/{rel}","templated":true}]}}