{"id":178,"date":"2022-06-02T14:01:01","date_gmt":"2022-06-02T12:01:01","guid":{"rendered":"https:\/\/nayttelyt.arshame.com\/nayttamo2022\/?p=178"},"modified":"2022-07-24T10:29:30","modified_gmt":"2022-07-24T08:29:30","slug":"7-8-2022-tehdas-tanssii","status":"publish","type":"post","link":"https:\/\/nayttelyt.arshame.com\/nayttamo2022\/2022\/06\/02\/7-8-2022-tehdas-tanssii\/","title":{"rendered":"7.8.2022 \u2014 Tehdas tanssii \u2014 EEROLA &#038; KAARTINEN + N\u00c4YTT\u00c4M\u00d6"},"content":{"rendered":"<p>Sunnuntai 7.8. Klo 18.00 L\u00e4\u00e4ninhallituksen talon juhlasali<br \/>\n<strong>EEROLA &#038; KAARTINEN + N\u00c4YTT\u00c4M\u00d6<\/strong><br \/>\nLiput 21 \u20ac \/ 14 \u20ac<\/p>\n<p>Tanssia kuvataiteen keskell\u00e4 uniikissa ymp\u00e4rist\u00f6ss\u00e4.<br \/>\nLippuun sis\u00e4ltyy n\u00e4yttelyopastus Ars-H\u00e4me ry:n<br \/>\nkes\u00e4n\u00e4yttelyyn \u201dN\u00e4ytt\u00e4m\u00f6\u201d.<\/p>\n<p>Tehdas tanssii tapahtuma facebookissa:<br \/>\n<a href=\"https:\/\/fb.me\/e\/2zQxlZJ9N\" rel=\"noopener\" target=\"_blank\">Tehdas tanssii 2022<\/a><\/p>\n","protected":false},"excerpt":{"rendered":"<p>Sunnuntai 7.8. Klo 18.00 L\u00e4\u00e4ninhallituksen talon juhlasali EEROLA &#038; KAARTINEN + N\u00c4YTT\u00c4M\u00d6 Liput 21 \u20ac \/ 14 \u20ac Tanssia kuvataiteen keskell\u00e4 uniikissa ymp\u00e4rist\u00f6ss\u00e4. Lippuun sis\u00e4ltyy n\u00e4yttelyopastus Ars-H\u00e4me ry:n kes\u00e4n\u00e4yttelyyn \u201dN\u00e4ytt\u00e4m\u00f6\u201d. Tehdas tanssii tapahtuma facebookissa: Tehdas tanssii 2022<\/p>\n","protected":false},"author":1,"featured_media":511,"comment_status":"closed","ping_status":"closed","sticky":false,"template":"","format":"standard","meta":{"pagelayer_contact_templates":[],"_pagelayer_content":"","footnotes":""},"categories":[3],"tags":[],"class_list":["post-178","post","type-post","status-publish","format-standard","has-post-thumbnail","hentry","category-tapahtumat"],"_links":{"self":[{"href":"https:\/\/nayttelyt.arshame.com\/nayttamo2022\/wp-json\/wp\/v2\/posts\/178","targetHints":{"allow":["GET"]}}],"collection":[{"href":"https:\/\/nayttelyt.arshame.com\/nayttamo2022\/wp-json\/wp\/v2\/posts"}],"about":[{"href":"https:\/\/nayttelyt.arshame.com\/nayttamo2022\/wp-json\/wp\/v2\/types\/post"}],"author":[{"embeddable":true,"href":"https:\/\/nayttelyt.arshame.com\/nayttamo2022\/wp-json\/wp\/v2\/users\/1"}],"replies":[{"embeddable":true,"href":"https:\/\/nayttelyt.arshame.com\/nayttamo2022\/wp-json\/wp\/v2\/comments?post=178"}],"version-history":[{"count":6,"href":"https:\/\/nayttelyt.arshame.com\/nayttamo2022\/wp-json\/wp\/v2\/posts\/178\/revisions"}],"predecessor-version":[{"id":517,"href":"https:\/\/nayttelyt.arshame.com\/nayttamo2022\/wp-json\/wp\/v2\/posts\/178\/revisions\/517"}],"wp:featuredmedia":[{"embeddable":true,"href":"https:\/\/nayttelyt.arshame.com\/nayttamo2022\/wp-json\/wp\/v2\/media\/511"}],"wp:attachment":[{"href":"https:\/\/nayttelyt.arshame.com\/nayttamo2022\/wp-json\/wp\/v2\/media?parent=178"}],"wp:term":[{"taxonomy":"category","embeddable":true,"href":"https:\/\/nayttelyt.arshame.com\/nayttamo2022\/wp-json\/wp\/v2\/categories?post=178"},{"taxonomy":"post_tag","embeddable":true,"href":"https:\/\/nayttelyt.arshame.com\/nayttamo2022\/wp-json\/wp\/v2\/tags?post=178"}],"curies":[{"name":"wp","href":"https:\/\/api.w.org\/{rel}","templated":true}]}}